{"id":511,"date":"2011-05-03T22:55:01","date_gmt":"2011-05-04T03:55:01","guid":{"rendered":"http:\/\/blog.asuntoshumanos.org\/?p=511"},"modified":"2011-05-06T00:27:53","modified_gmt":"2011-05-06T05:27:53","slug":"unidad-en-diversidad-vs-poder","status":"publish","type":"post","link":"https:\/\/blog.asuntoshumanos.org\/?p=511","title":{"rendered":"Unidad en diversidad vs poder"},"content":{"rendered":"<h2>Introducci\u00f3n<\/h2>\n<p>Estas son unas l\u00edneas generales de reflexi\u00f3n sobre el tema de la existencia del\u00a0<em>poder<\/em>, o m\u00e1s exactamente de los\u00a0<em>factores de poder real<\/em> en la sociedad humana y su incidencia negativa en el prop\u00f3sito de implementar en forma progresiva la\u00a0<em>unidad en diversidad<\/em> para la soluci\u00f3n profunda de los problemas de esa sociedad, y por lo tanto, como obst\u00e1culo real en el camino de construir una nueva civilizaci\u00f3n sobre bases de paz, justicia, libertad y seguridad.<\/p>\n<p><a href=\"http:\/\/blog.asuntoshumanos.org\/wp-content\/uploads\/2011\/05\/poder_09.jpg\"><img loading=\"lazy\" decoding=\"async\" class=\"alignright\" style=\"margin-top: 6px; margin-bottom: 6px; margin-left: 8px; margin-right: 8px;\" title=\"El poder\" src=\"http:\/\/blog.asuntoshumanos.org\/wp-content\/uploads\/2011\/05\/poder_09.jpg\" alt=\"El poder\" width=\"288\" height=\"216\" \/><\/a><\/p>\n<p>Hace mucho tiempo vengo reflexionando sobre el tema del<em>poder <\/em>en sus diversas formas, casi que podr\u00eda decir que lo he hecho toda mi vida, bajo perspectivas diferentes de acuerdo con el marco conceptual o el paradigma que ha dominado mi comprensi\u00f3n del mundo, incluyendo a la ideolog\u00eda liberal, al marxismo y al ecologismo en etapas sucesivas de b\u00fasqueda y comprensi\u00f3n, sin dejar nunca de lado la b\u00fasqueda en el campo espiritual, campo que ha permeado y transversalizado, por expresarlo de alg\u00fan modo, la b\u00fasqueda de respuestas y soluciones en lo social, lo econ\u00f3mico y lo pol\u00edtico.Pero es en los \u00faltimos a\u00f1os, bajo la perspectiva bah\u00e1&#8217;\u00ed de la construcci\u00f3n de un mundo nuevo bajo nuevos principios espirituales de aplicaci\u00f3n social basados precisamente en el paradigma de la\u00a0<em>unidad en la diversidad<\/em>, que el asunto del poder se me ha venido revelando con toda su fuerza y claridad a modo de epitome de muchas de esas b\u00fasquedas y tambi\u00e9n a modo de inicio de nuevos horizontes pr\u00e1cticos y conceptuales.<\/p>\n<h2>La unidad en la diversidad y el nuevo orden mundial<\/h2>\n<p>De acuerdo con el marco conceptual que gu\u00eda el pensamiento y el trabajo de muchas personas y grupos en el mundo, de los cuales me considero parte, la siguiente etapa en la evoluci\u00f3n social de la humanidad la constituye la consolidaci\u00f3n de su<em>unidad org\u00e1nica<\/em>, la cual se har\u00e1 manifiesta en el \u00e1mbito espiritual, pol\u00edtico y social del planeta entero, unidad que como toda verdadera unidad en un sistema natural o humano, es una\u00a0<em>unidad en diversidad<\/em>, no una\u00a0<em>unidad en uniformidad<\/em> como ser\u00eda la pretensi\u00f3n totalitaria del nacionalismo, del fascismo, del comunismo y del neoliberalismo, ni una\u00a0<em>divisi\u00f3n en diversidad<\/em>, como ser\u00eda la pretensi\u00f3n del anarquismo y curiosamente tambi\u00e9n del neoliberalismo, pues de una parte busca uniformar los consumos econ\u00f3micos y culturales de la sociedad humana y de la otra, dividir para imponer con mayor facilidad su capacidad de moldear a esa sociedad.<\/p>\n<p>El concepto de\u00a0<em>unidad <\/em>se diferencia claramente del concepto de\u00a0<em>unicidad<\/em>, pues este supone la inexistencia de sistema, o sea de diversos elementos que integran un conjunto, como cuando hablamos, por ejemplo, de la\u00a0<em>unicidad de Dios<\/em>.<\/p>\n<p>El proceso que llevar\u00e1 a la\u00a0<em>unidad org\u00e1nica de la humanidad<\/em>, de acuerdo con la visi\u00f3n de Bah\u00e1&#8217;u&#8217;ll\u00e1h<a id=\"_ednref1\" name=\"_ednref1\" href=\"#_edn1\">1<\/a>, en consonancia con lo que ha sucedido en otras etapas cr\u00edticas de la historia humana, deber\u00e1 darse como resultado de una serie de procesos, unos conscientes y provenientes del esfuerzo de grupos y personas en todo el mundo, otros como consecuencia de las barreras que se est\u00e1n derrumbando d\u00eda a d\u00eda y que han mantenido separados a los seres humanos en grupos irreconciliables, procesos algunos de ellos catastr\u00f3ficos y violentos, y otros, pac\u00edficos y naturales. Pero, en fin de cuentas, de acuerdo con esta visi\u00f3n se trata de un proceso global\u00a0inevitable, que, adem\u00e1s, conllevar\u00e1 al comienzo de la soluci\u00f3n duradera de todos los problemas humanos, en concordancia con lo expresado por el mismo Bah\u00e1&#8217;u&#8217;ll\u00e1h cuando afirm\u00f3: \u00abEl bienestar de la humanidad, su paz y su seguridad son inalcanzables a menos que su unidad sea firmemente establecida\u00bb.<a id=\"_ednref2\" name=\"_ednref2\" href=\"#_edn2\">2<\/a><\/p>\n<p>Bah\u00e1&#8217;u&#8217;ll\u00e1h, puso as\u00ed punto final a la discusi\u00f3n sobre qu\u00e9 es primero o m\u00e1s importante para conseguir la paz, si la b\u00fasqueda del orden, de la estabilidad social y de la seguridad, o si el esfuerzo de procurar la aplicaci\u00f3n de la justicia y la equidad a todos los miembros de la sociedad para el logro del bienestar general, pues elev\u00f3 a la\u00a0<em>unidad<\/em> a la categor\u00eda de prerrequisito para el logro de los dem\u00e1s fines. Los sucesos de la humanidad durante el siglo pasado y los primeros a\u00f1os de este siglo le han dado la raz\u00f3n, pues hoy comprendemos que sin un esfuerzo conjunto de todas las estructuras sociales, pol\u00edticas y econ\u00f3micas de la humanidad, esfuerzo dotado de las herramientas y capacidades necesarias, no podemos solucionar ninguno de los problemas globales que nos afectan, comenzando por el problema ambiental y siguiendo con la guerra y la violencia, el terrorismo, el hambre y la miseria, la pobreza y la marginaci\u00f3n, el comercio il\u00edcito de armas, de narc\u00f3ticos y de seres humanos, todos los desequilibrios globales de un orden que satisface solo las necesidades de una minor\u00eda de la humanidad.<\/p>\n<p>El concepto de que la\u00a0<em>unidad<\/em> es el prerrequisito de la soluci\u00f3n duradera de todos los problemas del mundo, es aceptado hoy en d\u00eda sin dificultad por la mayor parte de gente razonable en el mundo, a diferencia de lo que suced\u00eda hasta hace un tiempo, sobre todo en el campo de los pensadores de izquierda influidos por el paradigma marxista de la \u00ab<em>dictadura del proletariado<\/em>\u00bb que ten\u00eda como referencia la construcci\u00f3n de una unidad popular o de clase que deb\u00eda empoderarse para enfrentar a las clases dominantes, para, luego de vencerlas, imponerles su poder de dominaci\u00f3n por todos los medios a disposici\u00f3n. Y s\u00f3lo despu\u00e9s de que fueran anuladas las contradicciones sociales, podr\u00eda, como consecuencia l\u00f3gica, alcanzarse a una unidad global o general.<\/p>\n<p>Como consecuencia de lo anterior, la igualdad de mujeres y hombres, el equilibrio en la relaci\u00f3n del hombre con el medio ambiente, la superaci\u00f3n de los prejuicios de raza, clase, naci\u00f3n o credo, la eliminaci\u00f3n de los extremos de riqueza y pobreza, la armon\u00eda entre el conocimiento cient\u00edfico y espiritual, la b\u00fasqueda libre e independiente de la verdad, la educaci\u00f3n integral, f\u00edsica, intelectual y espiritual del ser humano, la valoraci\u00f3n plena de la diversidad cultural, la superaci\u00f3n de los dogmatismos ideol\u00f3gicos y pol\u00edticos, los esfuerzos por dotar al mundo de una estructura de administraci\u00f3n de sus asuntos en forma colectiva y en beneficio de todos sus habitantes, resultan ser expresi\u00f3n del paradigma de la\u00a0<em>unidad en la diversidad<\/em>, para que todos nos veamos como partes inseparables del cuerpo de la humanidad, sin que por ello tengamos que perder nuestra individualidad ni nuestra autonom\u00eda.<\/p>\n<p>La\u00a0<em>unidad en diversidad<\/em> se convierte, as\u00ed, en el paradigma central para la construcci\u00f3n de un nuevo orden de cosas en el mundo, de una verdadera civilizaci\u00f3n planetaria que est\u00e9 al servicio de todos y cada uno de sus habitantes, tambi\u00e9n en sinton\u00eda con lo expresado por la Comunidad Internacional Bah\u00e1\u2019\u00ed<a id=\"_ednref3\" name=\"_ednref3\" href=\"#_edn3\">3<\/a>, de que \u00abpuesto que el cuerpo de la humanidad es uno e indivisible, cada miembro del g\u00e9nero humano nace al mundo como fideicomiso del conjunto\u00bb<a id=\"_ednref4\" name=\"_ednref4\" href=\"#_edn4\">4<\/a>, o sea que est\u00e1 bajo la responsabilidad del resto de la sociedad, a diferencia de lo que sucede en la actualidad, donde decenas de millones de seres humanos est\u00e1n abandonados a su propia suerte y s\u00f3lo una minor\u00eda de privilegiados forman parte de la \u00e9lite en pa\u00edses donde se pone en pr\u00e1ctica este principio en forma parcial.<\/p>\n<p>Shoghi Effendi expres\u00f3 en 1936 lo siguiente: \u201cLa unificaci\u00f3n de la humanidad es el sello distintivo de la etapa a que ahora se acerca la sociedad. La unidad de la familia, de la tribu, de la ciudad estado y de la naci\u00f3n han sido acometidas sucesivamente hasta ser del todo logradas. Y ahora es la unidad mundial la meta por la que brega una humanidad hostigada. El proceso de construcci\u00f3n de naciones ha tocado a su fin. La anarqu\u00eda inherente a la soberan\u00eda del estado roza ya su apogeo. Un mundo en pos de su mayor\u00eda de edad debe abandonar ese fetiche, reconocer la unidad e integridad de las relaciones humanas, as\u00ed como establecer, de una vez por todas, la maquinaria que mejor encarne este principio fundamental de su vida\u00bb.<a id=\"_ednref5\" name=\"_ednref5\" href=\"#_edn5\">5<\/a><\/p>\n<p><a href=\"http:\/\/blog.asuntoshumanos.org\/wp-content\/uploads\/2011\/05\/unidad_en_diversidad_08.jpg\"><img loading=\"lazy\" decoding=\"async\" class=\"alignleft\" style=\"margin-top: 6px; margin-bottom: 6px; margin-left: 8px; margin-right: 8px;\" title=\"Unidad en la diversidad\" src=\"http:\/\/blog.asuntoshumanos.org\/wp-content\/uploads\/2011\/05\/unidad_en_diversidad_08.jpg\" alt=\"Unidad en la diversidad\" width=\"204\" height=\"180\" \/><\/a>En forma esquem\u00e1tica es necesario ampliar un poco el concepto de la\u00a0<em>unidad en diversidad<\/em> para comprender sus alcances. Desde hace tiempo visualic\u00e9 que el concepto ten\u00eda cuatro grandes \u00e1mbitos de concepci\u00f3n y aplicaci\u00f3n, a saber:<\/p>\n<ol>\n<li>La unidad en diversidad como\u00a0<em>paradigma<\/em> o<em> principio objetivo de la realidad social y natural<\/em>, al comprobarse que todo sistema natural o humano funciona adecuadamente cuando cada uno de los elementos diversos que forman parte, dan lo mejor de s\u00ed en beneficio del conjunto del que a su vez cada elemento se beneficia. Este principio, en mi entender, alcanza la categor\u00eda de ley objetiva de la realidad, o en los t\u00e9rminos de otros pensadores, la categor\u00eda de valor universal.<\/li>\n<li>La unidad en diversidad como\u00a0<em>valor<\/em> o\u00a0<em>paradigma subjetivo<\/em>, que es necesario que sea interiorizado, asumido y desarrollado por cada uno de los habitantes del planeta, para que se convierta en el referente b\u00e1sico de sus relaciones con los dem\u00e1s seres humanos. En este punto, por ejemplo, tiene una importancia central la educaci\u00f3n para la<em>ciudadan\u00eda mundial<\/em>, tambi\u00e9n de acuerdo con lo expresado por Bah\u00e1&#8217;u&#8217;ll\u00e1h en su frase de que \u00abla tierra es un solo pa\u00eds y la humanidad sus ciudadanos\u00bb.<a id=\"_ednref6\" name=\"_ednref6\" href=\"#_edn6\">6<\/a><\/li>\n<li>La unidad en diversidad como\u00a0<em>m\u00e9todo<\/em> o como\u00a0<em>herramienta<\/em> (y tambi\u00e9n como\u00a0<em>proceso<\/em>), para poder ser implementada en cada escenario social, en cada lugar, en el mundo institucional, en el trabajo en equipo, en el proceso de transformaci\u00f3n individual y social. La herramienta fundamental para ello es la de la\u00a0<em>consulta<\/em>, concebida como \u00abun esfuerzo cooperativo para la b\u00fasqueda y aplicaci\u00f3n de la verdad social en el proceso de la toma de decisiones\u00bb. Tambi\u00e9n la creaci\u00f3n de estructuras sociales desde la base y su integraci\u00f3n local, regional y mundial forman parte del proceso constructivo en esta direcci\u00f3n.<\/li>\n<li>La unidad en diversidad como\u00a0<em>fin<\/em> u\u00a0<em>objetivo final<\/em> de todo el proceso constructivo planetario de un nuevo orden, con la conformaci\u00f3n de una\u00a0<em>Mancomunidad Mundial Federada de Naciones<\/em> bajo un ejecutivo, un legislativo y un tribunal de justicia mundiales, sin que ello signifique de ning\u00fan modo el fin de las naciones, pues como lo dijo alguna vez Golda Meir, \u00abla existencia de la orquesta no supone el fin de los violines\u00bb.<\/li>\n<\/ol>\n<p>Esta comprensi\u00f3n de que la\u00a0<em>unidad en diversidad<\/em> es a la vez muchas cosas y abarca muchos aspectos y procesos, es fundamental para visualizar adecuadamente los procesos personales, institucionales, sociales, culturales y sist\u00e9micos que deben coexistir para su implementaci\u00f3n progresiva, y por ende, para la superaci\u00f3n del problema del poder tal como lo conocemos hoy en d\u00eda.<\/p>\n<h2>Las concepciones sobre el poder<\/h2>\n<p><em>Poder<\/em>, en un sentido b\u00e1sico, hace relaci\u00f3n a\u00a0<em>capacidad<\/em> y a\u00a0<em>posibilidad<\/em> de realizar algo en cualquier \u00e1mbito (<em>capacidad o facultad de ejercitar una acci\u00f3n<\/em>), para cambiar la realidad en cualquier grado, desde el simple \u00abpuedo prender la luz porque tengo acceso al bot\u00f3n interruptor\u00bb al complejo \u00abpuedo originar una serie de procesos sociales y pol\u00edticos que conducir\u00e1n inevitablemente a un determinado resultado en beneficio propio o del grupo al que pertenezco\u00bb. \u00a0En un sentido m\u00e1s concreto, el poder hace referencia a la\u00a0<em>acci\u00f3n social colectiva<\/em> o a la acci\u00f3n que tiene consecuencias sociales y colectivas, o sea que va m\u00e1s all\u00e1 del agente o de los agentes que las desencadenan o pueden desencadenar, en el sentido nietzchiano de la denominada \u00abvoluntad de poder\u00bb (la dominaci\u00f3n de otros humanos, as\u00ed como el control sobre el propio entorno del grupo o persona que ejerce el poder).<\/p>\n<p>Quiz\u00e1s podamos intentar, para el prop\u00f3sito de este ensayo, una definici\u00f3n del\u00a0<em>poder<\/em> en los siguientes t\u00e9rminos: \u00abPoder es la capacidad activa de una persona, de un grupo social o de una instituci\u00f3n para incidir, en mayor o menor grado, en los procesos y grupos sociales y\/o en el funcionamiento de las instancias de gobierno o del Estado, con el fin de obtener resultados en una direcci\u00f3n deseada\u00bb.<\/p>\n<p>El \u00fanico poder legitimado, en t\u00e9rminos formales, es el\u00a0<em>poder del Estado<\/em>, con su capacidad de coacci\u00f3n y coerci\u00f3n sobre el resto de la sociedad. Y, a su vez, la legitimaci\u00f3n del poder pol\u00edtico en el sistema democr\u00e1tico formal se da a trav\u00e9s de la participaci\u00f3n ciudadana por medio de partidos y movimientos pol\u00edticos y del sistema de elecciones de representantes y gobernantes. Para ello, adem\u00e1s, el sistema democr\u00e1tico ha instituido un sistema de\u00a0<em>pesos<\/em> y\u00a0<em>contrapesos <\/em>que buscan evitar la concentraci\u00f3n del poder, sistema que tiene su origen en la cl\u00e1sica divisi\u00f3n de los poderes p\u00fablicos desde Montesquieu: el poder ejecutivo, el poder legislativo y el poder judicial.<\/p>\n<p>El poder del Estado, sin embargo, no es un poder un\u00edvoco, porque podemos constatar que en forma progresiva, se ha dado paso a la mayor presencia y capacidad de acci\u00f3n de diversas instancias de la comunidad internacional de naciones (Consejo de Seguridad de Naciones Unidas, Tribunal Internacional de Justicia, Cortes Internacionales de Arbitramento, Consejos u Organizaciones de Seguridad Regionales, entre otras), que han ido limitando la\u00a0<em>soberan\u00eda<\/em> absoluta del Estado-Naci\u00f3n, proceso, que seg\u00fan el marco conceptual que estamos desarrollando, deber\u00e1 continuar hasta la creaci\u00f3n de la Federaci\u00f3n Mundial de Naciones, quien tendr\u00e1 un organismo central en calidad de m\u00e1xima autoridad mundial, desplazando la autoridad estatal a un segundo plano, sin que de ninguna forma llegue a desaparecer.<\/p>\n<h2>La existencia del poder real<\/h2>\n<p>Pero ya en este punto debemos reconocer, que aparte de este poder legitimado del Estado y del de las instancias internacionales, partiendo de la comprensi\u00f3n de que el poder siempre es una construcci\u00f3n social, existe un\u00a0<em>poder real<\/em> presente en todos los \u00e1mbitos de la vida social y cultural de la humanidad, poder que viene a ser en realidad el objeto del presente ensayo, y que pertenece o se ejerce por parte de individuos o grupos con distinto grado en su capacidad de influencia y de dominaci\u00f3n y de alcance en t\u00e9rminos locales, regionales, nacionales o globales.<\/p>\n<p>Y este poder real puede ser dividido en dos clases: la primera que corresponde al poder que obedece a\u00a0<em>factores naturales o espont\u00e1neos<\/em>, que en realidad viene a ser un\u00a0<em>poder de<\/em> <em>influencia<\/em> <em>y de persuasi\u00f3n<\/em> de una persona o un grupo sobre los dem\u00e1s por cualquier causa, incluyendo aspectos como el carisma, el conocimiento, la capacidad, el valor, la sabidur\u00eda y el liderazgo, como cuando se habla, por ejemplo, del poder espiritual que proviene de \u00ablas acciones puras\u00bb, poder que podemos comprender como necesario para una sociedad, pues de \u00e9l surgen modelos de comportamiento positivo que a su vez pueden originar la aparici\u00f3n y el desarrollo de otros modelos similares.<\/p>\n<p>La segunda clase de poder real es la que proviene, en cambio, de \u00a0<em>factores predominantes<\/em> <em>sociales y culturales <\/em>en el interior de la sociedad humana, factores que\u00a0<em>moldean<\/em> y\u00a0<em>manipulan<\/em> diferentes \u00e1mbitos del accionar colectivo y del universo intr\u00ednseco de valores sociales en un momento determinado, de forma directa y declarada o de forma sutil y soterrada, factores que podemos denominar como\u00a0<em>factores sociales de poder<\/em>.<\/p>\n<p>Estos\u00a0<em>factores sociales de poder <\/em>pueden ser de car\u00e1cter\u00a0<em>econ\u00f3mico<\/em>,\u00a0<em>militar<\/em>,\u00a0<em>medi\u00e1tico<\/em> o\u00a0<em>tecnol\u00f3gico<\/em> y se dirigen a \u201ccooptar el aparato estatal e institucional en beneficio propio o a dominar diversos escenarios de la vida social, econ\u00f3mica y cultural en el \u00e1mbito nacional e internacional\u201d. Estos factores de poder son en esencia ileg\u00edtimos puesto que alteran siempre el bienestar colectivo, ya que est\u00e1n siempre al servicio de un grupo determinado, lo que es totalmente inadecuado para los intereses de la humanidad en su conjunto.<\/p>\n<p>Podemos observar algunas caracter\u00edsticas intr\u00ednsecas a la existencia y funcionamiento de los\u00a0<em>factores sociales de poder<\/em>:<\/p>\n<ol>\n<li>Su funcionamiento se basa siempre en la conformaci\u00f3n de grupos privilegiados a modo de\u00a0<em>\u00e9lites<\/em> que establecen reglas y par\u00e1metros de acci\u00f3n e intervenci\u00f3n social y que crean y reproducen un esquema de uso y abuso del poder bajo la apariencia del bien com\u00fan, buscando legitimar su existencia y su influencia en el resto de la sociedad por diversos medios.<\/li>\n<li>Por su existencia, el poder real se convierte en un \u00e1mbito, espacio o escenario objeto de lucha y de conquista por parte de diversas personas y grupos sociales que utilizan distintos medios leg\u00edtimos e ileg\u00edtimos, l\u00edcitos e il\u00edcitos para participar en esta competencia sin tregua y sin final, lucha que podemos visualizar todos los d\u00edas a nuestro alrededor, aunque muchas veces se disfrace o disimule en mayor o menor grado.<\/li>\n<li>Ese escenario es una especie de\u00a0<em>tinglado social <\/em>donde los poderes de los diferentes grupos deben coexistir e interactuar de diversas maneras, para establecer y fijar los l\u00edmites, las supremac\u00edas, las reglas y los par\u00e1metros de coexistencia y acci\u00f3n, ya sea mediante m\u00e9todos legales o ilegales, morales o inmorales, evidentes o soterrados, ya que la ganancia de un mayor espacio de poder resulta en una ventaja apreciable a la hora de negociar estos ajustes.<\/li>\n<li>Responden a una concepci\u00f3n de\u00a0<em>escasez de la realidad social<\/em>, no a una de abundancia, ya que convierten al escenario social en una \u00abtorta\u00bb de la cual hay que obtener la mayor tajada posible, en lugar de buscar crear m\u00e1s tortas o todas las tortas necesarias para que todos se beneficien, o sea que los factores de poder siempre\u00a0<em>constri\u00f1en y simplifican<\/em>, nunca impulsan ni acrecientan el escenario de su funcionamiento.<\/li>\n<\/ol>\n<h2>La incidencia de los factores de poder en la sociedad<\/h2>\n<p>Vamos a\u00a0 mencionar algunas de las consecuencias concretas del\u00a0<em>ejercicio del poder real<\/em> en la sociedad, a trav\u00e9s de los\u00a0<em>factores de poder<\/em> mencionados, en los siguientes puntos:<\/p>\n<ul>\n<li>Cooptan y deforman los procesos sociales y culturales y los ponen a su servicio. Este es en realidad el origen de la<em>sociedad de consumo<\/em> y de la denominada\u00a0<em>cultura de masas<\/em>.<\/li>\n<li>Alteran el sistema pol\u00edtico electoral al determinar preferencias, fabricar perfiles, negociar condiciones de apoyo y retribuci\u00f3n, visibilizar e invisibilizar personas y propuestas y ser la principal causa de corrupci\u00f3n p\u00fablica y privada, entre otros aspectos.<\/li>\n<li>Cooptan y deforman el funcionamiento y la prestaci\u00f3n de servicios por parte del Estado. De ah\u00ed la existencia de los<em>grupos de presi\u00f3n<\/em> y de la\u00a0<em>discriminaci\u00f3n activa y pasiva<\/em> de grupos concretos de la poblaci\u00f3n.<\/li>\n<li>Alteran la producci\u00f3n, distribuci\u00f3n y circulaci\u00f3n de bienes y servicios sociales y culturales, tanto en calidad como en cantidad.<\/li>\n<li>Interfieren el ejercicio de los derechos individuales, sociales y colectivos y la prestaci\u00f3n de los servicios de inter\u00e9s general, como es el caso de la educaci\u00f3n, la salud, el entretenimiento, la informaci\u00f3n, el arte y la cultura.<\/li>\n<li>Crean y reproducen gradualmente un nuevo sistema de valores, con predominio de los aspectos de la gratificaci\u00f3n r\u00e1pida e inmediata, y con un claro trasfondo materialista, hedonista e individualista.<\/li>\n<li>Imponen patrones y modelos de \u00e9xito y realizaci\u00f3n personal y social, as\u00ed como gustos, tendencias, modas y preferencias en el ejercicio de profesiones y oficios.<\/li>\n<li>La herramienta favorita de los factores de poder, para la creaci\u00f3n de un nuevo sistema de valores, es la producci\u00f3n y reproducci\u00f3n de \u201c<em>modelos mentales<\/em>\u201d, que como veremos luego son en esencia prerracionales, primarios e inconsistentes.<\/li>\n<li>Influyen, incluso, en las pr\u00e1cticas religiosas y espirituales de la sociedad y en la comprensi\u00f3n de principios y valores trascendentales.<\/li>\n<\/ul>\n<p><strong>Los modelos mentales<\/strong><\/p>\n<p><a href=\"http:\/\/blog.asuntoshumanos.org\/wp-content\/uploads\/2011\/05\/crisis_de_valores_15.jpg\"><img loading=\"lazy\" decoding=\"async\" class=\"alignleft\" style=\"margin-top: 6px; margin-bottom: 6px; margin-left: 8px; margin-right: 8px;\" title=\"Crisis de valores\" src=\"http:\/\/blog.asuntoshumanos.org\/wp-content\/uploads\/2011\/05\/crisis_de_valores_15.jpg\" alt=\"Crisis de valores\" width=\"225\" height=\"225\" \/><\/a>Deteng\u00e1monos un poco en el concepto de los \u00ab<em>modelos mentales<\/em>\u00ab, pues resulta esencial en la comprensi\u00f3n del funcionamiento y del predominio de los\u00a0<em>factores de<\/em><em>poder real<\/em>. Estos modelos tienen los siguientes rasgos principales:<\/p>\n<ul>\n<li>Son conceptos aprendidos, en su mayor parte, en la ni\u00f1ez y la juventud, que nos sirven para interpretar la realidad y guiar nuestras acciones, conceptos que est\u00e1n formados de generalizaciones sobre distintos campos de la vida individual y social: su materia prima son im\u00e1genes, supuestos, an\u00e9cdotas y estereotipos.<\/li>\n<li>Se caracterizan por operar debajo del nivel de conciencia (son prerracionales), y por lo general tienen origen inconsciente.<\/li>\n<li>Nos limitan a ciertas maneras de pensar y actuar, puesto que tendemos a actuar como si el modelo representara toda la verdad. De all\u00ed su \u00e9xito y su facilidad de reproducci\u00f3n por medio de estereotipos en los productos culturales de consumo.<\/li>\n<li>Tenemos modelos relacionados con distintos campos de la vida: la econom\u00eda, la ciencia, la familia, la religi\u00f3n, la pol\u00edtica y la cultura. Pero como los supuestos de los modelos casi nunca est\u00e1n en armon\u00eda entre s\u00ed, ya que no son fruto de un proceso reflexivo, son siempre inconsistentes interna y externamente.<\/li>\n<li>La forma consciente de identificar y superar los modelos mentales radica en la construcci\u00f3n de\u00a0<em>marcos conceptuales<\/em>, como veremos luego.<\/li>\n<\/ul>\n<p>Podemos mencionar algunos ejemplos de\u00a0<em>modelos mentales<\/em> com\u00fanmente extendidos:<\/p>\n<ul>\n<li>\u00abEl hombre es un animal racional\u00bb. Si se examina bien esta afirmaci\u00f3n, podemos concluir que es completamente absurda ya que equivaldr\u00eda a decir que un animal es una planta que se mueve. Y es que todos comprendemos que el reino mineral, el reino vegetal, el reino animal y el reino humano son reinos de la naturaleza con poderes y capacidades excluyentes. Cualquier ser vivo puede evolucionar o cambiar de grado, pero no de estado. Ello no es obst\u00e1culo, claro est\u00e1, para comprobar que cuando el hombre, que est\u00e1 en el grado m\u00e1s alto de la materialidad y en el primer grado de la espiritualidad, se identifica completamente con lo material, con lo instintivo de su naturaleza, pueda terminar actuando con una crueldad peor que la de los animales m\u00e1s feroces.<\/li>\n<li>\u00abEl hombre es ego\u00edsta, individualista, agresivo y violento por naturaleza\u00bb. Este modelo resulta de una generalizaci\u00f3n de la conducta humana en ciertas \u00e9pocas hist\u00f3ricas ya superadas o en circunstancias l\u00edmites de la vida particular. En realidad, el hombre no es bueno ni malo por naturaleza,\u00a0<em>es noble<\/em>, tiene una\u00a0<em>nobleza esencial<\/em>, equivalente, por ejemplo, a la nobleza de los metales, que bajo ciertas condiciones de calor extremo muestran caracter\u00edsticas muy superiores a las que se observan en estado de reposo, lo que es v\u00e1lido tambi\u00e9n para el caso contrario, o sea que bajo condiciones de abandono y deterioro, se corroen o pierden muchas de sus propiedades o caracter\u00edsticas. El ejemplo del hierro es muy claro en este sentido: puede convertirse en acero o puede ser objeto de oxidaci\u00f3n. El ser humano tambi\u00e9n puede exaltarse y adornarse con cualidades especiales y alcanzar hasta la sabidur\u00eda, pero tambi\u00e9n puede degradarse y perder casi todos los atributos de su condici\u00f3n humana.<\/li>\n<li>\u00abCabellos largos, ideas cortas\u00bb, ha sido un modelo generalizado para definir la supuesta inferioridad intelectual de la mujer con respecto al hombre, lo que a su vez ha reforzado la justificaci\u00f3n de la dominaci\u00f3n de este \u00faltimo por mucho tiempo. Al igual que el modelo \u00abla mujer es s\u00f3lo para la casa\u00bb, resulta ser un prejuicio ignorante puesto que la evidencia cient\u00edfica y moral hace mucho tiempo demostr\u00f3 la falacia existente en la superioridad de g\u00e9nero.<\/li>\n<li>\u00abLos latinos son vagos\u00bb, \u00ablos negros son perezosos\u00bb, \u00ablos pobres son pobres porque quieren\u00bb y otros similares, resultan ser<em>estereotipos<\/em> que falsean por completo la realidad en nombre de generalizaciones casi siempre convenientes para grupos particulares de poder o para calmar la mala conciencia de mucha gente. La mayor parte de las veces, la existencia de estos modelos mentales se convierten en profec\u00edas de auto-cumplimiento, puesto que tienen la capacidad de producir algunos efectos sociales que confirman y refuerzan el modelo.<\/li>\n<li>Muchos otros modelos resultan ser\u00a0<em>interiorizaciones inconscientes o no reconocidas de los valores propagados por los factores de poder<\/em>, interiorizaciones que terminan por conformar lo que he llamado la \u00abagenda emocional oculta\u00bb con la que carga mucha gente sin darse cuenta, sin aceptar su existencia y su poder. Esta agenda entra en conflicto con el sistema nominal de valores que la gente dice tener por cuenta de sus v\u00ednculos y conveniencias familiares y sociales, por lo que normalmente nunca es reconocida, pero que sin embargo est\u00e1 presente en la mayor parte de decisiones importantes de la vida. Aunque este tema hace parte del terreno de la psicolog\u00eda, lo que vale la pena destacar aqu\u00ed, es que el poder de los modelos mentales interiorizados radica en el ser inconscientes y en permear comportamientos y conductas en forma sutil pero profunda.<\/li>\n<li>La\u00a0<em>inconsciencia <\/em>de los\u00a0<em>modelos mentales<\/em> se mantiene hasta el momento en que se vuelven generalizados y se produce un vuelco social respecto a los valores aceptados, fen\u00f3meno que sucede cada vez con mayor frecuencia y celeridad y que se manifiesta en los l\u00edmites de lo permitido y lo aceptado, l\u00edmites que cada vez van retrocediendo, como lo podemos comprobar con la simple comparaci\u00f3n de lo que hoy es permitido con respecto a lo que era permitido, diez, quince, veinte o m\u00e1s a\u00f1os atr\u00e1s.<\/li>\n<\/ul>\n<h2>La incidencia del poder en el sistema pol\u00edtico vigente<\/h2>\n<p>Hablamos del sistema pol\u00edtico basado en la \u201cdemocracia formal y representativa\u201d, con su sistema de partidos pol\u00edticos y de competencia electoral mediante elecciones. En los \u00faltimos tiempos se ha tratado de profundizar la democracia haci\u00e9ndola m\u00e1s participativa, como es el caso de Colombia con la Constituci\u00f3n Pol\u00edtica vigente al igual que en otros lugares del mundo.<\/p>\n<p>El principal aspecto que nos indica que el sistema pol\u00edtico vigente forma parte del mundo viejo y que no se puede mejorar sustancialmente mediante la reforma, es la comprobaci\u00f3n de que \u201cpartido viene de parte\u201d, lo que por definici\u00f3n es contrario al todo, o sea a la unidad del cuerpo social. Pertenecer, representar y defender a un partido significa el compromiso previo con una ideolog\u00eda, con unos intereses particulares, lo que como hemos visto, no representa la verdadera diversidad humana y social.<\/p>\n<p>Pero adem\u00e1s de esos factores esenciales encontramos otros problemas inherentes al sistema, provenientes, estos s\u00ed, de los<em>factores sociales de poder<\/em>, como podemos observar:<\/p>\n<ul>\n<li>Dentro de los partidos o movimientos pol\u00edticos casi nunca se candidatizan los mejores hombres y mujeres (los m\u00e1s desprendidos y con capacidad de servicio) por su modestia y su falta de ambici\u00f3n. Los escogidos son normalmente<em>pol\u00edticos profesionales <\/em>con una carga de egolatr\u00eda innata y un historial de manipulaciones a cuestas. Es necesario, sin embargo, destacar que en los \u00faltimo a\u00f1os, como excepci\u00f3n a la regla, muchas personas con una capacidad de liderazgo natural o de influencia han resultado elegidos a lo ancho de todo el planeta, representando opciones nuevas para los votantes. Pero, repetimos, el fen\u00f3meno es la excepci\u00f3n a la regla y no hay lugar para el optimismo en este punto.<\/li>\n<li>La escogencia de los candidatos es resultado de un proceso oscuro y tortuoso, pues existen cartas que se juegan bajo la mesa, incluyendo el desembolso de gruesas sumas de dinero a quienes manejan el poder dentro de los colectivos pol\u00edticos.<\/li>\n<li>Las campa\u00f1as proselitistas son en realidad campa\u00f1as comerciales de competencia de productos m\u00e1s que de ideas y de personas, y muchas veces llenas de mentiras o de medias verdades, de descalificaciones bajas a los contrarios.<\/li>\n<li>El sistema de promesas y compromisos deforma la gesti\u00f3n p\u00fablica posterior, sobre todo los adquiridos con los\u00a0<em>factores sociales de poder<\/em>, pues es bien sabido que el gobernante de turno con s\u00f3lo autorizar un privilegio, una exenci\u00f3n, un alza de precios de ciertos productos, devuelve con creces los recursos recibidos por un grupo econ\u00f3mico durante la campa\u00f1a.<\/li>\n<li>El esquema de\u00a0<em>gobierno-oposici\u00f3n <\/em>impide el poder de acci\u00f3n unificada del conjunto social, porque compromete al gobernante a llevar adelante el \u201cplan de gobierno\u201d en medio de la indiferencia del resto de la sociedad y de la oposici\u00f3n de candidatos o partidos perdedores, quienes le apuestan al fracaso de la gesti\u00f3n gubernamental para tener mejores posibilidades de victoria en la siguiente contienda electoral.<\/li>\n<li>El sistema lleva inherente el clientelismo, el caudillismo, la burocratizaci\u00f3n, la corrupci\u00f3n p\u00fablica y privada, la politiquer\u00eda. Como dec\u00eda un columnista de un diario colombiano, el m\u00e1s decente de los pol\u00edticos es por naturaleza<em>corrupto<\/em>, pues favorece naturalmente a una camarilla de amigos y allegados en perjuicio de personas muchas veces capaces que deben abandonar sus cargos con el cambio de gobierno.<\/li>\n<li>La toma de decisiones se basa en un proceso de negociaciones, concesiones, componendas, alianzas y otros medios l\u00edcitos e il\u00edcitos y ello no tiene nada que ver con la implementaci\u00f3n de la unidad en diversidad del cuerpo social, sino que por el contrario ocasiona divisi\u00f3n y discriminaci\u00f3n. Y esto aun aceptando que el objetivo principal de un sistema socio pol\u00edtico es el logro del\u00a0<em>consenso<\/em> o acuerdo sobre aspectos fundamentales de su funcionamiento, dejando un amplio escenario para el\u00a0<em>disenso<\/em>, donde las diferentes tendencias compiten por el poder pol\u00edtico o la predominancia social. Como veremos luego,\u00a0<em>consenso no es unidad<\/em> o lo es en un \u00e1mbito muy limitado.<\/li>\n<\/ul>\n<h2>El planteamiento del problema: unidad en diversidad vs poder<\/h2>\n<p><a href=\"http:\/\/blog.asuntoshumanos.org\/wp-content\/uploads\/2011\/05\/politica_24.jpg\"><img loading=\"lazy\" decoding=\"async\" class=\"alignright\" style=\"margin-top: 6px; margin-bottom: 6px; margin-left: 8px; margin-right: 8px;\" title=\"La pol\u00edtica y el poder\" src=\"http:\/\/blog.asuntoshumanos.org\/wp-content\/uploads\/2011\/05\/politica_24.jpg\" alt=\"La pol\u00edtica y el poder\" width=\"225\" height=\"225\" \/><\/a>Pero entonces, y en ello reside el meollo del asunto, de acuerdo con nuestro paradigma de construcci\u00f3n de una nueva civilizaci\u00f3n, de un nuevo orden mundial, el proceso de construcci\u00f3n de la\u00a0<em>unidad en diversidad<\/em> supone la superaci\u00f3n definitiva de los\u00a0<em>factores de poder real<\/em> que legitiman el concepto de\u00a0<em>poder <\/em>como objeto de lucha, conquista, dominaci\u00f3n y divisi\u00f3n, aspectos que siguen siendo los par\u00e1metros dominantes en el pensamiento moderno, incluyendo buena parte del llamado pensamiento progresista, ya que sostienen la necesidad de\u00a0<em>empoderar<\/em> a nuevos actores sociales o a las clases populares, para que est\u00e9n en condiciones de obtener concesiones y privilegios de los que carecen actualmente, o sea que puedan competir con otros sectores sociales y con el Estado para participar en el reparto de los beneficios sociales.<\/p>\n<p>Como lo expresa la Comunidad Internacional Bah\u00e1&#8217;\u00ed<a id=\"_ednref7\" name=\"_ednref7\" href=\"#_edn7\">7<\/a>, \u00aben su concepci\u00f3n tradicional y competitiva, el poder es tan ajeno a las necesidades del futuro de la humanidad como pueden serlo las t\u00e9cnicas de locomoci\u00f3n ferroviaria a la tarea de poner sat\u00e9lites espaciales en \u00f3rbita\u201d. O sea, que para la tarea de construir una civilizaci\u00f3n mundial, debemos superar por completo la concepci\u00f3n del poder como fuente de conflicto.<\/p>\n<p>Y al mismo tiempo, y como contrapartida l\u00f3gica, podemos comprender que resulta imposible el construir la\u00a0<em>unidad en diversidad<\/em> en el cuerpo social si existe la interferencia de cualquier\u00a0<em>factor de poder<\/em> en el proceso, o dicho en otros t\u00e9rminos, resulta absolutamente necesario que en el proceso de construcci\u00f3n de la\u00a0<em>unidad en diversidad<\/em>, se identifiquen todos los\u00a0<em>factores de poder<\/em> que puedan estar presentes o que pudieran aparecer, tanto directos como sutiles, para encontrar las alternativas de soluci\u00f3n que lleven a su superaci\u00f3n. Es bien sabido, y esto haciendo una extrapolaci\u00f3n de los conceptos de varios pensadores contempor\u00e1neos, entre ellos Michael Foucault, Stephen Covey y Eloy Anello, que las manifestaciones de poder se hacen evidentes y act\u00faan con toda su fuerza por medio de las formas autom\u00e1ticas de pensamiento y valoraci\u00f3n que tienen los seres humanos (los modelos mentales), para configurar lo que se denomina la \u00abmicrof\u00edsica del poder\u00bb, terreno subjetivo que al ser ampliamente difundido y compartido en una cultura, se presenta con credenciales de objetividad y legitimidad social.<\/p>\n<p><strong>La evoluci\u00f3n social en la toma de decisiones<\/strong><\/p>\n<p>Resulta necesario introducir en este punto una nueva perspectiva, cual es la de la\u00a0<em>evoluci\u00f3n en los m\u00e9todos de toma de decisiones en la historia humana<\/em>, a partir de un esquema de visualizaci\u00f3n de tres grandes etapas, a saber:<\/p>\n<ul>\n<li>La primera etapa, que abarca desde la antig\u00fcedad a la pre-modernidad, puede ser descrita como la etapa de la<em>\u00abimposici\u00f3n de la voluntad del m\u00e1s fuerte al m\u00e1s d\u00e9bil o al vencido\u00bb<\/em>. El poder proven\u00eda directamente de la \u00abpunta de la espada\u00bb (y luego de la \u00abpunta del fusil\u00bb), por medio de la conquista y la dominaci\u00f3n, o de cualquier guerra interna o revoluci\u00f3n triunfante.<\/li>\n<\/ul>\n<blockquote><p>Aunque Arist\u00f3teles recre\u00f3 los tres modelos ideales de administraci\u00f3n de la sociedad y los tres modelos que resultaban un desv\u00edo o desnaturalizaci\u00f3n de aquellos (monarqu\u00eda &#8211; tiran\u00eda, aristocracia &#8211; oligarqu\u00eda y democracia &#8211; demagogia), sabemos que s\u00f3lo ten\u00edan vigencia positiva para el grupo de ciudadanos de la ciudad-estado dominante, no para los pueblos vencidos o las clases excluidas (ilotas y esclavos). El imperio romano ampli\u00f3 con el tiempo el privilegio de formar parte del senado a los principales patricios de los pueblos vencidos, pero esto s\u00f3lo fue una estrategia para socializar y profundizar\u00a0su dominaci\u00f3n bajo el concepto de la \u00abpax romana\u00bb y esos privilegios pod\u00edan ser retirados en cualquier momento en caso de conflicto.<\/p>\n<p>En todo caso en esta etapa todos los conflictos siempre derivaban con el tiempo en conflictos militares, o al menos siempre estaba presente esa amenaza, ya que se celebraban alianzas, convenios y tratados, pero todo el tiempo las naciones estaban prepar\u00e1ndose para la guerra, recurso siempre disponible. Incluso, cuando se hablaba de \u00abdiplomacia\u00bb se dec\u00eda que era la \u00abextensi\u00f3n de la guerra por otros medios\u00bb.<\/p><\/blockquote>\n<ul>\n<li>La segunda etapa coincide con el comienzo de la era moderna, bajo la influencia de dos revoluciones: la revoluci\u00f3n francesa y la revoluci\u00f3n industrial, complementadas por la independencia y la creaci\u00f3n de los Estados Unidos de Am\u00e9rica, fen\u00f3menos que ocasionaron el fin del feudalismo y de la monarqu\u00eda absoluta para darle paso a la burgues\u00eda y al liberalismo pol\u00edtico y econ\u00f3mico, fuentes del sistema democr\u00e1tico formal actualmente dominante al igual que del sistema capitalista. En esta segunda etapa, los conflictos sociales encontraron un cauce de expresi\u00f3n y de soluci\u00f3n con visos de nueva y creciente legitimidad, mediante la confrontaci\u00f3n democr\u00e1tica en el campo pol\u00edtico y la libre competencia en el campo econ\u00f3mico.<\/li>\n<\/ul>\n<blockquote><p>Esta etapa perdura hasta hoy y su caracter\u00edstica fundamental es que diversos grupos de defensa de intereses econ\u00f3micos y pol\u00edticos,\u00a0<em>compiten por alcanzar la supremac\u00eda social y el poder pol\u00edtico<\/em>, dando origen a la participaci\u00f3n ciudadana universal mediante el sufragio y al esquema gobierno &#8211; oposici\u00f3n, y como es claro que ning\u00fan grupo logra anular a los dem\u00e1s, y esto sobre todo en la escena parlamentaria, los grupos negocian, celebran alianzas, ceden un poco, acuerdan reparticiones en nombre del inter\u00e9s colectivo al que dicen representar. Es claro que esta modalidad de toma de decisiones colectivas represent\u00f3 un avance sobre la forma antigua basada en la imposici\u00f3n y en la dominaci\u00f3n, y que permiti\u00f3 la aparici\u00f3n de nuevos actores sociales, pol\u00edticos y econ\u00f3micos, pero hoy en d\u00eda est\u00e1, como se dice popularmente, \u00abmandada a recoger\u00bb, pues es claro que no representa las necesidades de toda la humanidad, sino s\u00f3lo una parte de los intereses de los grupos que logran establecer alguna forma de organizaci\u00f3n y de presencia en el campo social.<\/p>\n<p>Lo m\u00e1ximo que se logra con este sistema es lo que se conoce como la \u00ab<em>teor\u00eda del consenso<\/em>\u00ab, pero hay que comprender con claridad que\u00a0<em>consenso no es unidad<\/em>, ya que s\u00f3lo puede lograrse sobre los cimientos formales de una sociedad, valga decir con el acuerdo sobre lo fundamental que se plasma en la Constituci\u00f3n y en el respeto a las instituciones y leyes vigentes. Es claro que el\u00a0<em>consenso <\/em>no puede lograrse sobre un modelo pol\u00edtico social o econ\u00f3mico previo, ya sea este liberal o conservador, de derecha o de izquierda, pues interferir\u00eda en el campo destinado naturalmente al\u00a0<em>disenso <\/em>en este modelo, caracter\u00edstica que por otra deja intactos a los\u00a0<em>factores sociales de poder<\/em> que luchan por moldear a la sociedad por diversos medios.<\/p>\n<p>En esencia, lo central de este m\u00e9todo de toma de decisiones est\u00e1 en el\u00a0<em>choque de intereses y de voluntades por v\u00edas que se consideran leg\u00edtimas<\/em>, dejando a un lado la violencia o la coerci\u00f3n ileg\u00edtima. Pero nadie con un m\u00ednimo sentido com\u00fan hoy en d\u00eda puede negar que el sistema pol\u00edtico de elecciones y de negociaci\u00f3n parlamentaria es esencialmente corrupto, destructivo, oscuro e inapropiado y que los pol\u00edticos profesionales son quiz\u00e1s los seres m\u00e1s vilipendiados con justeza por la opini\u00f3n p\u00fablica en todo el mundo, incluyendo a los pa\u00edses llamados del primer mundo.<\/p><\/blockquote>\n<ul>\n<li><a href=\"http:\/\/blog.asuntoshumanos.org\/wp-content\/uploads\/2011\/05\/consulta_02.jpg\"><img loading=\"lazy\" decoding=\"async\" class=\"alignleft\" style=\"margin-top: 6px; margin-bottom: 6px; margin-left: 8px; margin-right: 8px;\" title=\"La consulta\" src=\"http:\/\/blog.asuntoshumanos.org\/wp-content\/uploads\/2011\/05\/consulta_02.jpg\" alt=\"La consulta\" width=\"263\" height=\"197\" \/><\/a>Necesariamente, la tercera etapa, deber\u00e1 ser la de la toma de decisiones mediante la participaci\u00f3n de toda la<em>diversidad existente<\/em> pero garantizando la\u00a0<em>unidad del conjunto social<\/em>, necesidad que ha dado paso, en el modelo de administraci\u00f3n bah\u00e1\u2019\u00ed y que creemos deber\u00e1 ser imitado e incorporado paulatinamente en el resto de la sociedad, a la instauraci\u00f3n de un procedimiento especial o m\u00e9todo llamado\u00a0<em>consulta<\/em> para que ello sea posible.<\/li>\n<\/ul>\n<blockquote><p>La\u00a0<em>consulta<\/em> es un \u00abm\u00e9todo cooperativo para la toma de decisiones que tiene como fundamento la investigaci\u00f3n de la verdad y que busca integrar las diversas perspectivas existentes sobre un determinado asunto o aspecto de la realidad\u00bb. Dice un adagio por ah\u00ed que \u00abcada cual es experto en su punto de vista\u00bb. Pues bien, cada persona con su\u00a0punto de vista, ve una parte de la realidad de algo, no puede ver la totalidad, por lo que nadie posee la verdad total sobre un tema o asunto determinado, y entonces, el arte de la consulta consiste en tratar de\u00a0<em>integrar constructivamente todas esas perspectivas<\/em> para llegar a una decisi\u00f3n, en lo posible, un\u00e1nime, en medio de un proceso gradual de maduraci\u00f3n social y comunitaria.<\/p>\n<p>La\u00a0<em>consulta<\/em>, se convierte as\u00ed, en la principal herramienta para la construcci\u00f3n de la\u00a0<em>unidad en diversidad<\/em> y necesariamente el mundo debe adoptarla para superar el esquema anterior en forma gradual pero definitiva. Lo central de este m\u00e9todo de toma de decisiones est\u00e1 en el\u00a0<em>choque de opiniones o de perspectivas<\/em>, pues como lo expres\u00f3 &#8216;Abdul- Bah\u00e1, \u00ab<em>La chispa reluciente de la verdad brota s\u00f3lo despu\u00e9s del choque de opiniones divergentes<\/em>\u00ab<a id=\"_ednref8\" name=\"_ednref8\" href=\"#_edn8\">8<\/a>. En cambio, del choque de intereses o de voluntades no surge sino la negociaci\u00f3n de los factores presentes de poder, que muy raramente atienden en forma real y efectiva al beneficio de toda la sociedad.<\/p><\/blockquote>\n<p>En aras de una mayor universalidad, debemos hacer una referencia a lo que ha sucedido y\u00a0sucede en los estados socialistas y comunistas con relaci\u00f3n al m\u00e9todo de toma de decisiones. Estos Estados, basados en los postulados marxistas de la \u00ablucha de clases\u00bb y de la \u00abdictadura del proletariado\u00bb, y que se han materializado en el predominio del\u00a0<em>partido \u00fanico<\/em> (<em>el partido comunista<\/em>), en algunos casos han pretendido crear una base m\u00e1s amplia para la toma de decisiones a partir de lo que se denomina el \u00abpoder popular\u00bb o mediante la \u00abdemocracia popular participativa\u00bb, como alternativa a lo que denominan la \u00abdemocracia formal burguesa\u00bb. Sin entrar en un an\u00e1lisis detallado del fen\u00f3meno, por no ser el objetivo de este ensayo, es claro que no ha existido y no existe en ning\u00fan estado socialista la participaci\u00f3n universal en condiciones de igualdad, pues s\u00f3lo los individuos que han\u00a0 sido acogidos por el aparato burocr\u00e1tico del partido \u00fanico, tienen la posibilidad de ser elegidos en los cargos de representaci\u00f3n y autoridad, y la ciudadan\u00eda normalmente vota en bloque para validar las nominaciones efectuadas por el partido.<\/p>\n<p>Y en cuanto a la toma de decisiones, aunque en algunos pa\u00edses existen algunas instancias generalmente denominadas \u00abasambleas populares\u00bb en las cuales se observan rasgos diferentes que superan la representaci\u00f3n de intereses particulares en conflicto para acercarse al m\u00e9todo consultivo, no parecen incluir a todo el conjunto de la sociedad ni alcanzan a tener una incidencia real en la marcha del sistema pol\u00edtico, econ\u00f3mico y social en su conjunto, puesto que los factores de poder residen en otra parte del sistema (generalmente en el partido \u00fanico y en la burocracia estatal) y esos factores no comparten su predominio sin competencia alguna.<\/p>\n<p>De acuerdo con lo anterior, el gran vac\u00edo de los sistemas pol\u00edticos en conflicto en el mundo, tanto en la democracia liberal capitalista como en la democracia popular socialista, es la de no haber superado el problema del poder, tal como lo planteamos en este ensayo, y ello ha sucedido no s\u00f3lo por factores socioecon\u00f3micos y pol\u00edticos, sino tambi\u00e9n por factores profundos de car\u00e1cter cultural y espiritual.<\/p>\n<h2>La superaci\u00f3n del problema del poder en t\u00e9rminos socio-pol\u00edticos<\/h2>\n<p>Teniendo en cuenta los aspectos tratados en los puntos anteriores, en forma esquem\u00e1tica vamos a tratar de enumerar los principales aspectos que deben tenerse en cuenta para la superaci\u00f3n del problema del poder en t\u00e9rminos de la\u00a0<em>acci\u00f3n pol\u00edtica y social<\/em>:<\/p>\n<ol>\n<li>El concepto principal es que el poder no puede ser\u00a0<em>objeto de lucha o de conquista<\/em>, simplemente porque no puede pertenecer a un individuo o a un grupo, cualquiera sea el tama\u00f1o y la conformaci\u00f3n del cuerpo social considerado. El<em>poder <\/em>debe pertenecer, entonces, al\u00a0<em>conjunto social<\/em>, ya sea que se considere\u00a0conjunto a una comunidad, a una cultura, a una regi\u00f3n, a una naci\u00f3n o a la totalidad de la humanidad. De esta forma nos resulta f\u00e1cil comprender que la verdadera esencia del poder est\u00e1 en su\u00a0<em>\u00abcapacidad de acci\u00f3n colectiva unificada\u00bb<\/em>, pues este es el mayor poder que jam\u00e1s puede existir y contra el que no existe ning\u00fan contrapoder que se le oponga.<\/li>\n<li>Por lo tanto, el poder tampoco puede ser susceptible de\u00a0<em>divisi\u00f3n;<\/em> lo que es susceptible de dividirse funcionalmente es la<em>autoridad<\/em> en distintos campos de aplicaci\u00f3n. Y es que para garantizar que el poder pertenezca siempre\u00a0al conjunto social, es necesario separar\u00a0<em>tres \u00e1mbitos de acci\u00f3n social diferenciados <\/em>y no permitir que alguna persona o grupo detente dos o tres de ellos, pues de inmediato se dar\u00eda paso a la creaci\u00f3n de una\u00a0<em>\u00e9lite<\/em>, fuente de la creaci\u00f3n de un poder particularizado, como mencionamos con anterioridad.Los tres \u00e1mbitos son los siguientes:\n<ul>\n<li>a) El \u00e1mbito de la\u00a0<em>autoridad<\/em> conferida a instituciones, cuyos miembros han sido objeto de elecci\u00f3n por todos los miembros habilitados de una comunidad, y que toman sus decisiones basadas en la\u00a0<em>consulta<\/em>. El s\u00f3lo hecho de pertenecer a una instituci\u00f3n dotada de autoridad, no le otorga a ninguno de sus miembros ninguna autoridad particular sobre los dem\u00e1s. S\u00f3lo los individuos que desempe\u00f1an funciones espec\u00edficas tienen un grado de delegaci\u00f3n temporal de autoridad y de coordinaci\u00f3n en las \u00e1reas a su cargo.<\/li>\n<li>b) El \u00e1mbito de la\u00a0<em>influencia<\/em> conferida a individuos dotados de capacidades intelectuales y espirituales, influencia que se ejerce con respecto a miembros particulares de la comunidad y a las instituciones con las que tienen relaci\u00f3n. Estos individuos deben ser nombrados (no elegidos) por la instancia superior de autoridad a nivel global y no tienen privilegios de ninguna orden y no pueden ser miembros de una instituci\u00f3n elegida en ning\u00fan nivel de la organizaci\u00f3n social.<\/li>\n<li>c) El \u00e1mbito del\u00a0<em>liderazgo<\/em> ejercido por los individuos del cuerpo social, liderazgo no competitivo, orientado al servicio y a la transformaci\u00f3n individual y colectiva. Se trata de la\u00a0<em>capacidad de iniciativa individual<\/em> que debe ser plenamente garantizada y preservada, y que claro, es mucho m\u00e1s eficaz cuando interact\u00faa con los otros dos \u00e1mbitos para mejorar su contenido o su capacidad de acci\u00f3n.<\/li>\n<\/ul>\n<\/li>\n<li>El poder, y\u00a0en general la capacidad de acci\u00f3n y gesti\u00f3n social,\u00a0no pueden surgir del actual\u00a0<em>sistema de partidos pol\u00edticos<\/em>, comenzando por el hecho simple de que\u00a0<em>partido<\/em> hace referencia a\u00a0<em>parte<\/em>, lo que es contrario al\u00a0<em>todo<\/em>, a\u00a0<em>unidad<\/em>. Los partidos pol\u00edticos concebidos como grandes colectivos de expresi\u00f3n y de movilizaci\u00f3n de la opini\u00f3n cumplieron un papel importante en la segunda etapa de la evoluci\u00f3n de la toma de decisiones, pero en este momento su existencia est\u00e1 siendo desbordada en todas partes por movimientos con mayor o menor grado de espontaneidad y de organizaci\u00f3n y por otros factores que han desvirtuado su funcionalidad.Lo que debemos estar en capacidad de demostrarle al mundo entero es que la ausencia de partidos pol\u00edticos bajo el esquema de la\u00a0<em>unidad en diversidad<\/em>, no significa ni la\u00a0<em>autocracia<\/em> ni la\u00a0<em>ausencia de pluralismo<\/em>, sino que por el contrario significa\u00a0<em>la participaci\u00f3n plena de la diversidad humana<\/em>contribuyendo con lo mejor de s\u00ed al beneficio del conjunto social para derivar del conjunto su propio beneficio.<\/li>\n<li>El poder tampoco puede provenir del\u00a0<em>sistema actual de elecciones en el campo social y pol\u00edtico<\/em>, con su esquema de nominaciones, de candidaturas, de campa\u00f1as proselitistas a favor y en contra, de financiamiento particular de la movilizaci\u00f3n pol\u00edtica, de fabricaci\u00f3n artificial de im\u00e1genes p\u00fablicas, de promesas y de ofertas electorales, de acuerdos bajo la mesa y de otros vicios y deformaciones inherentes al sistema.En contraste total, la alternativa, est\u00e1 en la instauraci\u00f3n de un sistema de elecciones sin nominaciones, sin candidaturas, sin campa\u00f1as, sin promesas, sin compromisos previos, de modo que cada individuo, en un proceso de profunda reflexi\u00f3n, pueda colocar su voto por la persona o por las personas de su comunidad que en su criterio mejor cumplan los requisitos necesarios para el cargo o la funci\u00f3n, en total secreto y sin presiones de ninguna \u00edndole.<\/li>\n<li>El \u00ab<em>poder de la acci\u00f3n unificada<\/em>\u00bb significa la superaci\u00f3n del\u00a0<em>esquema gobierno &#8211; oposici\u00f3n<\/em> por ser contrario en esencia al esquema de la\u00a0<em>unidad en diversidad<\/em>. Una vez que se tome, por medio del proceso consultivo, una decisi\u00f3n determinada, en forma un\u00e1nime o por mayor\u00eda, todos los miembros del cuerpo social est\u00e1n en la obligaci\u00f3n de contribuir a implementarla, no a hacerse a un lado ni menos a oponerse, porque solamente con esa participaci\u00f3n activa podr\u00e1 evaluarse con posterioridad si dicha decisi\u00f3n fue la m\u00e1s apropiada o si es necesario tomar otra, en medio de un proceso continuo de aprendizaje y maduraci\u00f3n que salvaguarda por encima de todo la unidad del cuerpo social.<\/li>\n<li>Tambi\u00e9n debe superarse en forma definitiva el\u00a0<em>sistema de representaci\u00f3n de intereses particulares<\/em>, actuando en nombre de un grupo determinado de la sociedad, sea este cultural, social o econ\u00f3mico,\u00a0lo que en t\u00e9rminos pol\u00edticos da lugar al conocido sistema del lobby parlamentario o gubernamental, con la presencia de grupos de presi\u00f3n profesionales, con mayor o menor capacidad de influencia y negociaci\u00f3n. La\u00a0<em>unidad en la diversidad<\/em> significa la armon\u00eda de toda la diversidad humana, la natural, la que cada individuo singulariza, pero no la diversidad de intereses en conflicto, pues ya hemos visto que del choque de intereses no surgen ni la unidad ni la verdad.<\/li>\n<\/ol>\n<p>En fin, de lo que se trata, es de darle un nuevo sentido a la\u00a0<em>pr\u00e1ctica pol\u00edtica<\/em>, que dejar\u00e1 de ser\u00a0<em>partidista<\/em> y\u00a0<em>sectaria<\/em>, para pasar a ser la\u00a0<em>pr\u00e1ctica del poder de gesti\u00f3n colectiva<\/em>, proveniente del\u00a0<em>poder de acci\u00f3n unificada del conjunto social<\/em>, tal como lo hemos mencionado, o sea que la pol\u00edtica dejar\u00e1 de ser \u201cel arte de servirse de los dem\u00e1s haci\u00e9ndoles creer que se les est\u00e1 sirviendo\u201d, seg\u00fan una definici\u00f3n de la que he olvidado su origen, para pasar a ser \u201cel arte de administrar, en la forma m\u00e1s eficaz y eficiente, los recursos sociales, naturales y el talento humano del cuerpo social en beneficio de todos sus integrantes\u201d, si es que intentamos una definici\u00f3n provisional de este concepto.<\/p>\n<h2>La superaci\u00f3n de los factores subjetivos del poder<\/h2>\n<p><a href=\"http:\/\/blog.asuntoshumanos.org\/wp-content\/uploads\/2011\/05\/principios_ambiente_01.jpg\"><img loading=\"lazy\" decoding=\"async\" class=\"alignright\" style=\"margin-top: 6px; margin-bottom: 6px; margin-left: 8px; margin-right: 8px;\" title=\"Alternativas ambientales\" src=\"http:\/\/blog.asuntoshumanos.org\/wp-content\/uploads\/2011\/05\/principios_ambiente_01.jpg\" alt=\"Alternativas ambientales\" width=\"279\" height=\"209\" \/><\/a>As\u00ed como la tarea de construir la\u00a0<em>unidad en diversidad <\/em>por medio de sus principios y herramientas, es una tarea profunda e intensiva que debe darse en el interior de la sociedad y de la civilizaci\u00f3n en general, la tarea de descubrir y superar los\u00a0<em>factores subjetivos <\/em>del poder, es igualmente indispensable, pues a menudo estos factores subjetivos est\u00e1n tan interiorizados en los individuos y en los valores sociales que se convierten en obst\u00e1culos insalvables para construir esa unidad, ya sea por la incapacidad de superar prejuicios o de cambiar el sistema intr\u00ednseco de valores, o por la imposibilidad de aplicar el esp\u00edritu de la consulta, por mencionar s\u00f3lo algunos aspectos.<\/p>\n<p>En el fondo, vuelve a estar presente la vieja discusi\u00f3n de que es primero, si el cambio individual o el cambio social. Muchos sostienen que es necesario un cambio en el coraz\u00f3n humano para que sean posibles los cambios sociales, pero otros sostienen que las estructuras sociales, con sus factores de poder, son muy fuertes e impiden el cambio de la mayor parte de la gente. Nosotros sostenemos que los dos procesos, la transformaci\u00f3n individual y la transformaci\u00f3n social, deben darse en forma simult\u00e1nea, porque si bien es cierto que \u00abno es posible crear una sociedad de oro con individuos de plomo\u00bb, es tambi\u00e9n cierto que \u00abno es posible la transformaci\u00f3n individual generalizada en medio de un vac\u00edo social\u00bb.<\/p>\n<p>La existencia de la\u00a0<em>minor\u00eda creativa<\/em> quiz\u00e1s concilia mejor que ning\u00fan otro factor este dilema: una grupo consciente de la sociedad, en medio de la crisis definitiva del orden vigente, con una visi\u00f3n de futuro que incluye la construcci\u00f3n de una nueva sociedad, con nuevas estructuras e instituciones, nuevos principios y valores, asume la creaci\u00f3n de un nuevo sistema de valores sociales y lo pone en pr\u00e1ctica, difundiendo su visi\u00f3n por medio del discurso y de la pr\u00e1ctica. Esta visi\u00f3n es ignorada por buena parte de la sociedad durante un cierto tiempo, para despu\u00e9s pasar a ser resistida y objeto de ataques y condenas injustificadas, hasta que finalmente, en una tercera etapa, la visi\u00f3n, los principios, las normas y los valores son imitados conscientemente por el resto de la sociedad como algo perfectamente obvio y natural. Este proceso fue explicado en forma amplia por el gran estudioso de la historia de las civilizaciones, el ingl\u00e9s Arnold Toynbee.<\/p>\n<p>Es, por lo tanto, necesario, en este momento hist\u00f3rico, descubrir y superar los factores sutiles y profundos existentes por la incidencia del poder real, por lo cual debemos o podemos, entre otras cosas:<\/p>\n<ol>\n<li>Asumirnos como parte de una\u00a0<em>minor\u00eda creativa<\/em> consciente y destinada a ejercer un liderazgo social profundo y duradero. Esta comprensi\u00f3n deber\u00eda brindarnos una motivaci\u00f3n profunda para de alguna forma poder nadar contra la corriente de las tendencias, las modas y las costumbres validadas por la incidencia de los factores de poder.<\/li>\n<li>Afirmar un\u00a0<em>nuevo sistema de valores<\/em>, basado en principios espirituales de aplicaci\u00f3n social que lleven a la implementaci\u00f3n de la\u00a0<em>unidad en diversidad<\/em> y sus principios y herramientas complementarios. No se trata, en realidad, de lamentarnos por la p\u00e9rdida de un antiguo orden de valores, pues este de alguna manera qued\u00f3 rebasado por la realidad al no corresponderse con los requerimientos de una sociedad m\u00e1s diversa e inclusiva. Se trata, de construir un nuevo sistema de valores acorde con las necesidades de la humanidad, pues \u00ablo moral\u00bb hoy en d\u00eda no radica en simplemente abstenerse pasivamente de cometer conductas antisociales e inadecuadas, sino de asumir un compromiso con la construcci\u00f3n de un orden nuevo de cosas en el mundo, al menos siendo coherentes con todo nuestro conjunto de acciones p\u00fablicas y privadas.<\/li>\n<li>Adoptar y cultivar, en todos los aspectos de nuestra vida, los principios y relaciones sist\u00e9micas, org\u00e1nicas u hol\u00edsticas: la\u00a0<em>cooperaci\u00f3n<\/em>, la\u00a0<em>reciprocidad<\/em>, la\u00a0<em>interconexi\u00f3n <\/em>y el\u00a0<em>servicio. <\/em>Somos parte de dos sistemas fundamentales en los que se aplican estos principios y relaciones, uno, el sistema de la sociedad global humana, y otro, el sistema del mundo natural o de la\u00a0<em>madre tierra<\/em> como muchos lo llaman hoy en d\u00eda.La\u00a0<em>cooperaci\u00f3n<\/em> hace relaci\u00f3n a la interrelaci\u00f3n, a la aportaci\u00f3n y al apoyo. La\u00a0<em>interconexi\u00f3n<\/em>, a la correspondencia estrecha entre los integrantes del sistema. La<em>reciprocidad<\/em>, a una correspondencia justa y equitativa y el\u00a0<em>servicio<\/em>, al aporte desinteresado de cada integrante al conjunto y a los dem\u00e1s integrantes.<\/li>\n<li>Superar gradualmente los\u00a0<em>gustos de consumo<\/em> de los productos culturales impuestos por la industria del espect\u00e1culo y del entretenimiento (cine, televisi\u00f3n, m\u00fasica, deporte), adoptando conscientemente nuevos h\u00e1bitos y nuevas preferencias en estos campos. A m\u00ed me produce realmente grima el comprobar que cada vez hay un mayor n\u00famero manifestaciones de enorme calidad, por ejemplo en el terreno de la m\u00fasica, con fusiones de diverso orden, con el redescubrimiento de las m\u00fasicas tradicionales y su relaci\u00f3n con la armon\u00eda contempor\u00e1nea, con creadores e investigadores en g\u00e9neros muy diversos, y sin embargo lo que el mundo comercial de la m\u00fasica nos obliga a escuchar es de p\u00e9sima calidad y de muy mal gusto. Y a nadie parece importarle este desfase, esta p\u00e9rdida de refinamiento espiritual en \u00faltimo t\u00e9rmino.<\/li>\n<li>Identificar, en forma permanente, los\u00a0<em>modelos mentales<\/em> en los productos culturales e informativos (canciones, publicidad, telenovelas, noticieros, revistas, entrevistas, etc.). Por poner un ejemplo, la gente no suele ser consciente, en muchas ocasiones, de lo que dice la letra de una canci\u00f3n, pero sin embargo en forma inconsciente est\u00e1 aliment\u00e1ndose con su contenido y ello va permeando poco a poco el mundo interno de sus valores y su conducta.<\/li>\n<li>Construir conscientemente\u00a0<em>marcos conceptuales<\/em>, \u00fanico camino para la superaci\u00f3n de los\u00a0<em>modelos mentales<\/em>. Los marcos conceptuales son fruto de an\u00e1lisis y cuestionamiento de los factores que estructuran un\u00a0<em>modelo mental<\/em>: sus conceptos dominantes, sus factores esenciales, sus supuestos subyacentes, sus l\u00edmites y los factores o ideas que pasa por alto el modelo. El prop\u00f3sito es el de resolver inconsistencias del modelo mental y estimular un conocimiento que rellene las lagunas. O sea que por medio del proceso,\u00a0<em>un modelo mental inconsciente <\/em>se transforma en\u00a0<em>un marco conceptual consciente <\/em>acerca de determinada \u00e1rea del conocimiento. Los marcos conceptuales son consistentes con otros marcos y con la realidad hasta donde la conocemos.<\/li>\n<li>Resistirnos activamente a la\u00a0<em>presi\u00f3n social de los patrones y modelos de \u00e9xito y realizaci\u00f3n personal y social<\/em>, construyendo en nuestro interior patrones m\u00e1s coherentes con nuestra integralidad humana. El camino al \u00e9xito no puede estar plagado de violaciones de los principios y los valores profundos de nuestra conciencia, pues perdemos algo profundo y central en nuestro ser, algo que nunca podremos recuperar: nuestra\u00a0<em>integridad personal<\/em>.<\/li>\n<li>Cultivar conscientemente cada una de las esferas de nuestro ser humano: nuestro\u00a0<em>intelecto<\/em>, nuestro\u00a0<em>cuerpo<\/em>, nuestra<em>emocionalidad <\/em>y nuestro\u00a0<em>cuerpo<\/em>. Cada una de estas \u00e1reas necesita de la adquisici\u00f3n y el cultivo de h\u00e1bitos correctos, lo que se resume en un concepto muy llamativo de Stephen Covey: el de \u00ab<em>afilar la sierra<\/em>\u00ab. El pone el ejemplo de un hombre que lleva horas cortando un \u00e1rbol con una sierra sin afilar sin mayor resultado y ante el llamado de atenci\u00f3n de una persona que pasa por el lugar de qu\u00e9 por qu\u00e9 no afila la sierra para que el trabajo le rinda mucho m\u00e1s, el hombre replica que no tiene tiempo para afilarla porqu\u00e9 est\u00e1 muy ocupado cortando el \u00e1rbol.<\/li>\n<li>Resistirnos a la\u00a0<em>corrupci\u00f3n p\u00fabica y privada<\/em> por todos los medios posibles: debemos comprender con toda claridad que la corrupci\u00f3n es el SIDA social, pues deja paulatinamente a la sociedad sin defensas. Muchos piensan que como este viejo orden de cosas se est\u00e1 derrumbando, no es necesario preservar nada en pie y que por lo tanto resulta hasta positivo contribuir a su descomposici\u00f3n, lo que en realidad no es m\u00e1s que una completa falacia, pues resulta que el nuevo orden de cosas en el mundo no se construye de la noche a la ma\u00f1ana, sino que se va construyendo mientras el viejo orden se va derrumbando, y por lo tanto, nuestra conducta se inscribe en uno de dos frentes de acci\u00f3n: o en\u00a0<em>el mundo viejo<\/em> o en<em>el mundo nuevo<\/em>, y si estamos cohonestando o participando en la corrupci\u00f3n, somos irremediablemente parte del mundo viejo por m\u00e1s que manejemos el discurso del mundo nuevo.<\/li>\n<li>Luchar, todo el tiempo, por identificar nuestra \u201c<em>agenda emocional oculta<\/em>\u201d. La mayor libertad que una persona puede alcanzar en sus relaciones consigo mismo y con los dem\u00e1s, es ser consciente de sus debilidades y fortalezas, de sus carencias y de sus fuerzas, de sus miedos y temores, de sus l\u00edmites y de sus habilidades, y en el fondo, de los\u00a0<em>motivos de su conducta<\/em>. Mucha gente vive ignorante de s\u00ed misma y por no poder reconocer sus propios motivos, se la pasa proyectando su conducta en los dem\u00e1s y es profundamente infeliz, haci\u00e9ndole, adem\u00e1s, la vida dif\u00edcil a los otros.<\/li>\n<\/ol>\n<h2>A modo de conclusi\u00f3n<\/h2>\n<p>La interiorizaci\u00f3n de los valores provenientes de los factores de poder termina por convertirse en una buena fuente de desconcierto en la gente, en su vida personal, familiar y social. Al respecto, quiero contar una historia que ilustra muy bien la\u00a0<em>capacidad de tergiversaci\u00f3n de los factores de poder en la sociedad<\/em>: en una ciudad de Colombia se present\u00f3 el caso de una discusi\u00f3n a grito herido en un conjunto residencial, cuando la madre de una muchacha joven, descubre horrorizada cual era la fuente de los ingresos extras bastante elevados de su hija, lo que le permit\u00eda tener ropa nueva todo el tiempo, joyas, celulares de \u00faltima generaci\u00f3n, dinero en efectivo y otros lujos no compatibles con su estrato social, a ra\u00edz de que la chica le cont\u00f3 con mucha naturalidad a su mam\u00e1 que ella se iba con se\u00f1ores adinerados y les daba su cuerpo a cambio de regalos y dinero. Entonces la madre grit\u00f3: \u00ab\u00a1Por Dios, hija m\u00eda, eres una prostituta!\u00bb Y la hija le contest\u00f3, tambi\u00e9n a gritos: \u00ab\u00a1No mami, c\u00f3mo se le ocurre!\u00bb.<\/p>\n<p>Este caso, hoy en d\u00eda en Colombia, me temo es muy generalizado y a ello han contribuido muchos factores de poder: el ideal del dinero f\u00e1cil, el narcotr\u00e1fico, y en gran medida la socializaci\u00f3n por medio de la televisi\u00f3n y otros \u00abmass media\u00bb de estos modelos de vida, factores sumados a otros como la p\u00e9rdida de sentido de objetivo y la falta de oportunidades para los j\u00f3venes.<\/p>\n<p>Con este art\u00edculo espero empezar un di\u00e1logo franco y fruct\u00edfero sobre este tema y los diferentes aspectos que he tratado, siendo consciente de que se me escapan muchos aspectos importantes o de que no le estoy dando el peso espec\u00edfico a algunos de ellos.<\/p>\n<h2>Referencias<\/h2>\n<p><a id=\"_edn1\" name=\"_edn1\" href=\"#_ednref1\">1<\/a> Bah\u00e1&#8217;u&#8217;ll\u00e1h (1817-1892), fue el fundador de la comunidad mundial bah\u00e1\u2019\u00ed, vivi\u00f3 durante el siglo XIX y el impacto creciente de su obra, que abarca todos los aspectos de la vida y la sociedad humanas, as\u00ed como de la naturaleza y de la realidad f\u00edsica y espiritual, es sin duda el hecho m\u00e1s notable de nuestro tiempo, pues constituye la mayor fuente de gu\u00eda y conocimiento para comprender la ra\u00edz de los problemas de la humanidad, para encontrar la respuesta a los grandes dilemas de todas las \u00e9pocas y culturas, y para desarrollar los principios y las herramientas necesarias dirigidas a la soluci\u00f3n de todos los problemas que nos aquejan, y poder enfrentar as\u00ed los retos del futuro gracias a la visi\u00f3n que formul\u00f3, en consonancia con las fuerzas liberadas para la era iniciada con su misi\u00f3n, era que corresponde, seg\u00fan sus palabras, a la madurez de la humanidad.<\/p>\n<p><a id=\"_edn2\" name=\"_edn2\" href=\"#_ednref2\">2<\/a> Bah\u00e1&#8217;u&#8217;ll\u00e1h,\u00a0<em>Pasajes de los Escritos de Bah\u00e1&#8217;u&#8217;ll\u00e1h<\/em>, CXXXI.<\/p>\n<p><a id=\"_edn3\" name=\"_edn3\" href=\"#_ednref3\">3<\/a> La\u00a0<em>Comunidad Internacional Bah\u00e1\u2019\u00ed<\/em>, es una organizaci\u00f3n no gubernamental acreditada como \u00f3rgano consultivo de las Naciones Unidas en asuntos de poblaci\u00f3n, medio ambiente, paz, avance de la mujer, desarrollo social y econ\u00f3mico, ni\u00f1ez y juventud, seguridad colectiva y derechos humanos, entre otros aspectos, con oficinas en Ginebra y Nueva York.<\/p>\n<p><a id=\"_edn4\" name=\"_edn4\" href=\"#_ednref4\">4<\/a> <em>Hora decisiva para todas las naciones<\/em>. Declaraci\u00f3n de la Comunidad Internacional Bah\u00e1&#8217;\u00ed con motivo del 50 aniversario de Naciones Unidas (Octubre 1995)<\/p>\n<p><a id=\"_edn5\" name=\"_edn5\" href=\"#_ednref5\">5<\/a> Shoghi Effendi, citado en\u00a0<em>Hora decisiva para todas las naciones<\/em>.<\/p>\n<p><a id=\"_edn6\" name=\"_edn6\" href=\"#_ednref6\">6<\/a> Bah\u00e1&#8217;u&#8217;ll\u00e1h,\u00a0<em>Pasajes de los Escritos de Bah\u00e1&#8217;u&#8217;ll\u00e1h<\/em>, CXVII.<\/p>\n<p><a id=\"_edn7\" name=\"_edn7\" href=\"#_ednref7\">7<\/a> Prosperidad Mundial, documento presentado por la Comunidad Internacional Bah\u00e1&#8217;\u00ed con ocasi\u00f3n de la Cumbre de la Tierra en 1995.<\/p>\n<p><a id=\"_edn8\" name=\"_edn8\" href=\"#_ednref8\">8<\/a> &#8216;Abdu&#8217;l-Bah\u00e1, citado en\u00a0<em>Administraci\u00f3n Bah\u00e1\u2019\u00ed<\/em>.<\/p>\n","protected":false},"excerpt":{"rendered":"<p>Los factores de poder presentes en nuestra sociedad, con toda su capacidad de manipulaci\u00f3n de la vida personal y social, son el principal obst\u00e1culo para la construcci\u00f3n de una sociedad m\u00e1s justa y pac\u00edfica en el planeta, y la \u00fanica alternativa no violenta para superarlos, radica en la construcci\u00f3n de la unidad en la diversidad en la sociedad humana, con todos los principios que la complementan y con herramientas que la posibilitan, como la consulta, en medio de un proceso integrativo de los todos las capacidades, potencialidades, esfuerzos e iniciativas de toda la diversidad humana actuando en armon\u00eda.<\/p>\n","protected":false},"author":1,"featured_media":0,"comment_status":"open","ping_status":"open","sticky":false,"template":"","format":"standard","meta":{"footnotes":""},"categories":[5],"tags":[9,21,10],"_links":{"self":[{"href":"https:\/\/blog.asuntoshumanos.org\/index.php?rest_route=\/wp\/v2\/posts\/511"}],"collection":[{"href":"https:\/\/blog.asuntoshumanos.org\/index.php?rest_route=\/wp\/v2\/posts"}],"about":[{"href":"https:\/\/blog.asuntoshumanos.org\/index.php?rest_route=\/wp\/v2\/types\/post"}],"author":[{"embeddable":true,"href":"https:\/\/blog.asuntoshumanos.org\/index.php?rest_route=\/wp\/v2\/users\/1"}],"replies":[{"embeddable":true,"href":"https:\/\/blog.asuntoshumanos.org\/index.php?rest_route=%2Fwp%2Fv2%2Fcomments&post=511"}],"version-history":[{"count":19,"href":"https:\/\/blog.asuntoshumanos.org\/index.php?rest_route=\/wp\/v2\/posts\/511\/revisions"}],"predecessor-version":[{"id":514,"href":"https:\/\/blog.asuntoshumanos.org\/index.php?rest_route=\/wp\/v2\/posts\/511\/revisions\/514"}],"wp:attachment":[{"href":"https:\/\/blog.asuntoshumanos.org\/index.php?rest_route=%2Fwp%2Fv2%2Fmedia&parent=511"}],"wp:term":[{"taxonomy":"category","embeddable":true,"href":"https:\/\/blog.asuntoshumanos.org\/index.php?rest_route=%2Fwp%2Fv2%2Fcategories&post=511"},{"taxonomy":"post_tag","embeddable":true,"href":"https:\/\/blog.asuntoshumanos.org\/index.php?rest_route=%2Fwp%2Fv2%2Ftags&post=511"}],"curies":[{"name":"wp","href":"https:\/\/api.w.org\/{rel}","templated":true}]}}